{"id":2463,"date":"2023-06-07T16:13:00","date_gmt":"2023-06-07T14:13:00","guid":{"rendered":"https:\/\/anderreuss.ch\/un-nouveau-responsable-a-votre-service\/"},"modified":"2023-06-15T09:11:01","modified_gmt":"2023-06-15T07:11:01","slug":"un-nouveau-responsable-a-votre-service","status":"publish","type":"post","link":"https:\/\/anderreuss.ch\/fr\/un-nouveau-responsable-a-votre-service\/","title":{"rendered":"Un nouveau responsable \u00e0 votre service"},"content":{"rendered":"\n<p>Le neveu de Hansj\u00f6rg et d\u2019Urs Dietrich a r\u00e9alis\u00e9 les quatre ann\u00e9es de son apprentissage d\u2019op\u00e9rateur de m\u00e9dias imprim\u00e9s au sein de notre atelier de reliure entre 2003 et 2007. Il a poursuivi sa formation \u00e0 la TGZ pour obtenir le titre de technicien en industrie graphique. Avant de rejoindre notre \u00e9quipe, il a apport\u00e9 son expertise et son exp\u00e9rience \u00e0 de nombreuses imprimeries renomm\u00e9es.<\/p>\n\n<p>Nous nous r\u00e9jouissons beaucoup que Patrick ait choisi de perp\u00e9tuer la tradition familiale d\u2019An der Reuss. Nous avons trouv\u00e9 en lui un expert comp\u00e9tent, un membre motiv\u00e9 au sein de l\u2019\u00e9quipe de direction ainsi qu\u2019un talentueux directeur commercial. <\/p>\n\n<p>Patrick Dietrich se r\u00e9jouit de faire votre connaissance et de d\u00e9couvrir vos id\u00e9es! Vous pouvez le contacter \u00e0 l\u2019adresse suivante: &#112;&#x2e;&#x64;&#105;&#x65;&#x74;r&#x69;&#x63;h&#64;&#x61;n&#100;&#x65;r&#114;&#x65;u&#115;&#x73;&#46;&#99;&#x68;<\/p>\n\n<figure class=\"wp-block-image size-large is-resized\"><img fetchpriority=\"high\" decoding=\"async\" src=\"https:\/\/anderreuss.ch\/wp-content\/uploads\/2023\/06\/portrait-pd-796x1024.jpg\" alt=\"\" class=\"wp-image-2414\" width=\"232\" height=\"299\" srcset=\"https:\/\/anderreuss.ch\/wp-content\/uploads\/2023\/06\/portrait-pd-796x1024.jpg 796w, https:\/\/anderreuss.ch\/wp-content\/uploads\/2023\/06\/portrait-pd-233x300.jpg 233w, https:\/\/anderreuss.ch\/wp-content\/uploads\/2023\/06\/portrait-pd-768x988.jpg 768w, https:\/\/anderreuss.ch\/wp-content\/uploads\/2023\/06\/portrait-pd-1194x1536.jpg 1194w, https:\/\/anderreuss.ch\/wp-content\/uploads\/2023\/06\/portrait-pd-1592x2048.jpg 1592w, https:\/\/anderreuss.ch\/wp-content\/uploads\/2023\/06\/portrait-pd.jpg 1722w\" sizes=\"(max-width: 232px) 100vw, 232px\" \/><\/figure>","protected":false},"excerpt":{"rendered":"<p>Depuis ce printemps, Patrick Dietrich est le responsable de notre \u00e9quipe commerciale. Ainsi, nous avons davantage de temps \u00e0 consacrer \u00e0 vos souhaits et nous pouvons y r\u00e9pondre en vous proposant des solutions encore plus cr\u00e9atives.<\/p>\n","protected":false},"author":3,"featured_media":2558,"comment_status":"closed","ping_status":"closed","sticky":false,"template":"","format":"standard","meta":{"footnotes":""},"categories":[45],"tags":[],"class_list":["post-2463","post","type-post","status-publish","format-standard","has-post-thumbnail","hentry","category-non-classifiee"],"_links":{"self":[{"href":"https:\/\/anderreuss.ch\/fr\/wp-json\/wp\/v2\/posts\/2463","targetHints":{"allow":["GET"]}}],"collection":[{"href":"https:\/\/anderreuss.ch\/fr\/wp-json\/wp\/v2\/posts"}],"about":[{"href":"https:\/\/anderreuss.ch\/fr\/wp-json\/wp\/v2\/types\/post"}],"author":[{"embeddable":true,"href":"https:\/\/anderreuss.ch\/fr\/wp-json\/wp\/v2\/users\/3"}],"replies":[{"embeddable":true,"href":"https:\/\/anderreuss.ch\/fr\/wp-json\/wp\/v2\/comments?post=2463"}],"version-history":[{"count":0,"href":"https:\/\/anderreuss.ch\/fr\/wp-json\/wp\/v2\/posts\/2463\/revisions"}],"wp:featuredmedia":[{"embeddable":true,"href":"https:\/\/anderreuss.ch\/fr\/wp-json\/wp\/v2\/media\/2558"}],"wp:attachment":[{"href":"https:\/\/anderreuss.ch\/fr\/wp-json\/wp\/v2\/media?parent=2463"}],"wp:term":[{"taxonomy":"category","embeddable":true,"href":"https:\/\/anderreuss.ch\/fr\/wp-json\/wp\/v2\/categories?post=2463"},{"taxonomy":"post_tag","embeddable":true,"href":"https:\/\/anderreuss.ch\/fr\/wp-json\/wp\/v2\/tags?post=2463"}],"curies":[{"name":"wp","href":"https:\/\/api.w.org\/{rel}","templated":true}]}}